{"id":113,"date":"2015-09-05T19:32:16","date_gmt":"2015-09-05T19:32:16","guid":{"rendered":"http:\/\/aiuka.com.br\/noticias\/?p=113"},"modified":"2021-10-15T11:47:11","modified_gmt":"2021-10-15T11:47:11","slug":"pacientes-o-quero-quero","status":"publish","type":"post","link":"https:\/\/aiuka.com.br\/noticias\/2015\/09\/05\/pacientes-o-quero-quero\/","title":{"rendered":"Pacientes: O Quero-quero"},"content":{"rendered":"<p><img loading=\"lazy\" decoding=\"async\" class=\"alignleft size-medium wp-image-114\" src=\"http:\/\/aiuka.com.br\/noticias\/wp-content\/uploads\/2016\/12\/2015_quero-quero-300x201.jpg\" alt=\"2015_quero-quero\" width=\"300\" height=\"201\" srcset=\"https:\/\/aiuka.com.br\/noticias\/wp-content\/uploads\/2016\/12\/2015_quero-quero-300x201.jpg 300w, https:\/\/aiuka.com.br\/noticias\/wp-content\/uploads\/2016\/12\/2015_quero-quero.jpg 750w\" sizes=\"auto, (max-width: 300px) 100vw, 300px\" \/>A sobreviv\u00eancia de um filhote de quero-quero (<em>Vanellus chilensis<\/em>) foi um dos desafios enfrentados pela equipe da <strong>Aiuk\u00e1<\/strong> em setembro de 2015, m\u00eas em que a ave, com apenas 40 gramas, chegou \u00e0 empresa com uma les\u00e3o no dorso, causada por um cortador de grama. A situa\u00e7\u00e3o dele pedia mais cuidados n\u00e3o s\u00f3 em fun\u00e7\u00e3o do ferimento, mas tamb\u00e9m porque, durante seu resgate, a m\u00e3e n\u00e3o foi encontrada e, assim, a sua chance de sobreviver n\u00e3o era grande. Afinal, na fase em que estava, ainda estava sendo protegido por ela.<\/p>\n<p>Embora\u00a0os receios tivessem fundamento, o quero-quero reagiu muito bem ao tratamento, que incluiu a constru\u00e7\u00e3o de um recinto semelhante ao seu ambiente. Ali, ele esteve acompanhado de um espanador, de um espelho e de uma gar\u00e7a de pel\u00facia \u2013 substitutos de um par da mesma esp\u00e9cie \u2013 e ainda de um laguinho artificial, onde aprendeu a se alimentar sozinho. Ele foi solto quase dois meses e meio depois, devidamente anilhado \u2013 procedimento voltado ao estudo da esp\u00e9cie \u2013 e j\u00e1 com peso de um indiv\u00edduo juvenil: 186 gramas.<\/p>\n","protected":false},"excerpt":{"rendered":"<p>A sobreviv\u00eancia de um filhote de quero-quero (Vanellus chilensis) foi um dos desafios enfrentados pela equipe da Aiuk\u00e1 em setembro de 2015, m\u00eas em que a ave, com apenas 40 &#8230;<\/p>\n","protected":false},"author":2,"featured_media":1097,"comment_status":"closed","ping_status":"closed","sticky":false,"template":"","format":"standard","meta":{"footnotes":""},"categories":[8,2,3],"tags":[],"class_list":["post-113","post","type-post","status-publish","format-standard","has-post-thumbnail","hentry","category-aves","category-pacientes","category-responsabilidade-socioambiental"],"_links":{"self":[{"href":"https:\/\/aiuka.com.br\/noticias\/wp-json\/wp\/v2\/posts\/113","targetHints":{"allow":["GET"]}}],"collection":[{"href":"https:\/\/aiuka.com.br\/noticias\/wp-json\/wp\/v2\/posts"}],"about":[{"href":"https:\/\/aiuka.com.br\/noticias\/wp-json\/wp\/v2\/types\/post"}],"author":[{"embeddable":true,"href":"https:\/\/aiuka.com.br\/noticias\/wp-json\/wp\/v2\/users\/2"}],"replies":[{"embeddable":true,"href":"https:\/\/aiuka.com.br\/noticias\/wp-json\/wp\/v2\/comments?post=113"}],"version-history":[{"count":2,"href":"https:\/\/aiuka.com.br\/noticias\/wp-json\/wp\/v2\/posts\/113\/revisions"}],"predecessor-version":[{"id":149,"href":"https:\/\/aiuka.com.br\/noticias\/wp-json\/wp\/v2\/posts\/113\/revisions\/149"}],"wp:featuredmedia":[{"embeddable":true,"href":"https:\/\/aiuka.com.br\/noticias\/wp-json\/wp\/v2\/media\/1097"}],"wp:attachment":[{"href":"https:\/\/aiuka.com.br\/noticias\/wp-json\/wp\/v2\/media?parent=113"}],"wp:term":[{"taxonomy":"category","embeddable":true,"href":"https:\/\/aiuka.com.br\/noticias\/wp-json\/wp\/v2\/categories?post=113"},{"taxonomy":"post_tag","embeddable":true,"href":"https:\/\/aiuka.com.br\/noticias\/wp-json\/wp\/v2\/tags?post=113"}],"curies":[{"name":"wp","href":"https:\/\/api.w.org\/{rel}","templated":true}]}}