{"id":357,"date":"2018-04-27T19:15:17","date_gmt":"2018-04-27T19:15:17","guid":{"rendered":"http:\/\/aiuka.com.br\/noticias\/?p=357"},"modified":"2021-10-17T20:17:15","modified_gmt":"2021-10-17T20:17:15","slug":"garca-reabilitada-e-liberada","status":"publish","type":"post","link":"https:\/\/aiuka.com.br\/noticias\/2018\/04\/27\/garca-reabilitada-e-liberada\/","title":{"rendered":"Gar\u00e7a reabilitada \u00e9 liberada"},"content":{"rendered":"\n<div class=\"wp-block-image is-style-default\"><figure class=\"aligncenter size-large is-resized\"><img loading=\"lazy\" decoding=\"async\" src=\"http:\/\/aiuka.com.br\/noticias\/wp-content\/uploads\/2018\/04\/DSC00749-1024x768.jpg\" alt=\"\" class=\"wp-image-358\" width=\"462\" height=\"346\" srcset=\"https:\/\/aiuka.com.br\/noticias\/wp-content\/uploads\/2018\/04\/DSC00749-1024x768.jpg 1024w, https:\/\/aiuka.com.br\/noticias\/wp-content\/uploads\/2018\/04\/DSC00749-300x225.jpg 300w, https:\/\/aiuka.com.br\/noticias\/wp-content\/uploads\/2018\/04\/DSC00749-768x576.jpg 768w\" sizes=\"auto, (max-width: 462px) 100vw, 462px\" \/><\/figure><\/div>\n\n\n<p>Uma gar\u00e7a-vaqueira (<em>Bubulcus ibis<\/em>) foi liberada no final de mar\u00e7o depois de ter sido resgatada e levada para reabilita\u00e7\u00e3o no <strong>Centro Operacional Aiuk\u00e1 RJ (COP Aiuk\u00e1 RJ)<\/strong>. Ela estava um pouco magra para os padr\u00f5es da esp\u00e9cie e desidratada, mas suas condi\u00e7\u00f5es cl\u00ednicas gerais eram boas. Depois de tr\u00eas dias de cuidados, foi liberada em \u00e1rea natural localizada Rio das Ostras, munic\u00edpio que sedia o <strong>COP Aiuk\u00e1 RJ<\/strong>. Logo ap\u00f3s a soltura, ela preferiu checar o local, aproveitando para se alimentar.<\/p>\n<p>Veja no v\u00eddeo:<\/p>\n\n\n<figure class=\"wp-block-embed is-type-video is-provider-youtube wp-block-embed-youtube wp-embed-aspect-4-3 wp-has-aspect-ratio\"><div class=\"wp-block-embed__wrapper\">\n<iframe loading=\"lazy\" title=\"MOV00799\" width=\"800\" height=\"600\" src=\"https:\/\/www.youtube.com\/embed\/dg_KtVtceZk?feature=oembed\" frameborder=\"0\" allow=\"accelerometer; autoplay; clipboard-write; encrypted-media; gyroscope; picture-in-picture\" allowfullscreen><\/iframe>\n<\/div><\/figure>\n","protected":false},"excerpt":{"rendered":"<p>Uma gar\u00e7a-vaqueira (Bubulcus ibis) foi liberada no final de mar\u00e7o depois de ter sido resgatada e levada para reabilita\u00e7\u00e3o no Centro Operacional Aiuk\u00e1 RJ (COP Aiuk\u00e1 RJ). Ela estava um &#8230;<\/p>\n","protected":false},"author":3,"featured_media":1248,"comment_status":"closed","ping_status":"closed","sticky":false,"template":"","format":"standard","meta":{"footnotes":""},"categories":[8,7],"tags":[],"class_list":["post-357","post","type-post","status-publish","format-standard","has-post-thumbnail","hentry","category-aves","category-noticias"],"_links":{"self":[{"href":"https:\/\/aiuka.com.br\/noticias\/wp-json\/wp\/v2\/posts\/357","targetHints":{"allow":["GET"]}}],"collection":[{"href":"https:\/\/aiuka.com.br\/noticias\/wp-json\/wp\/v2\/posts"}],"about":[{"href":"https:\/\/aiuka.com.br\/noticias\/wp-json\/wp\/v2\/types\/post"}],"author":[{"embeddable":true,"href":"https:\/\/aiuka.com.br\/noticias\/wp-json\/wp\/v2\/users\/3"}],"replies":[{"embeddable":true,"href":"https:\/\/aiuka.com.br\/noticias\/wp-json\/wp\/v2\/comments?post=357"}],"version-history":[{"count":3,"href":"https:\/\/aiuka.com.br\/noticias\/wp-json\/wp\/v2\/posts\/357\/revisions"}],"predecessor-version":[{"id":1250,"href":"https:\/\/aiuka.com.br\/noticias\/wp-json\/wp\/v2\/posts\/357\/revisions\/1250"}],"wp:featuredmedia":[{"embeddable":true,"href":"https:\/\/aiuka.com.br\/noticias\/wp-json\/wp\/v2\/media\/1248"}],"wp:attachment":[{"href":"https:\/\/aiuka.com.br\/noticias\/wp-json\/wp\/v2\/media?parent=357"}],"wp:term":[{"taxonomy":"category","embeddable":true,"href":"https:\/\/aiuka.com.br\/noticias\/wp-json\/wp\/v2\/categories?post=357"},{"taxonomy":"post_tag","embeddable":true,"href":"https:\/\/aiuka.com.br\/noticias\/wp-json\/wp\/v2\/tags?post=357"}],"curies":[{"name":"wp","href":"https:\/\/api.w.org\/{rel}","templated":true}]}}