{"id":475,"date":"2019-08-28T12:58:18","date_gmt":"2019-08-28T12:58:18","guid":{"rendered":"http:\/\/aiuka.com.br\/noticias\/?p=475"},"modified":"2021-10-18T16:24:08","modified_gmt":"2021-10-18T16:24:08","slug":"evento-no-portinho-de-praia-grande","status":"publish","type":"post","link":"https:\/\/aiuka.com.br\/noticias\/2019\/08\/28\/evento-no-portinho-de-praia-grande\/","title":{"rendered":"Evento no Portinho de Praia Grande"},"content":{"rendered":"<p>A exposi\u00e7\u00e3o da <strong>Aiuk\u00e1<\/strong> foi uma das atra\u00e7\u00f5es da inaugura\u00e7\u00e3o da <strong>\u00c1rea de Lazer \u00c9zio Dall\u2019acqua<\/strong>, conhecido como Portinho de Praia Grande, agora revitalizado e com novas atra\u00e7\u00f5es. Ao lado de outras entidades presentes ao evento, a <strong>Aiuk\u00e1<\/strong> apresentou seu trabalho, com monitoria da equipe da organiza\u00e7\u00e3o. A comemora\u00e7\u00e3o durou o dia todo e teve Feira de Artesanato Itinerante, Coral Municipal de Vozes da Praia e interven\u00e7\u00f5es teatrais. O Portinho ganhou um novo deck para pesca e mais sete quiosques que, agora, somam 32, todos com churrasqueira, que podem ser frequentados gratuitamente. Al\u00e9m disso, conta com mais bancos e lixeiras. A \u00e1rea possui ainda quadras poliesportivas, lanchonete, restaurante e aluguel de barcos.<\/p>\n<p>\u00a0<\/p>\n\n\n<div class=\"wp-block-image is-style-default\"><figure class=\"aligncenter size-full is-resized\"><img loading=\"lazy\" decoding=\"async\" src=\"http:\/\/aiuka.com.br\/noticias\/wp-content\/uploads\/2019\/08\/Portinho.jpg\" alt=\"\" class=\"wp-image-1294\" width=\"512\" height=\"359\" srcset=\"https:\/\/aiuka.com.br\/noticias\/wp-content\/uploads\/2019\/08\/Portinho.jpg 1024w, https:\/\/aiuka.com.br\/noticias\/wp-content\/uploads\/2019\/08\/Portinho-300x210.jpg 300w, https:\/\/aiuka.com.br\/noticias\/wp-content\/uploads\/2019\/08\/Portinho-768x538.jpg 768w\" sizes=\"auto, (max-width: 512px) 100vw, 512px\" \/><\/figure><\/div>\n","protected":false},"excerpt":{"rendered":"<p>A exposi\u00e7\u00e3o da Aiuk\u00e1 foi uma das atra\u00e7\u00f5es da inaugura\u00e7\u00e3o da \u00c1rea de Lazer \u00c9zio Dall\u2019acqua, conhecido como Portinho de Praia Grande, agora revitalizado e com novas atra\u00e7\u00f5es. Ao lado &#8230;<\/p>\n","protected":false},"author":2,"featured_media":1293,"comment_status":"closed","ping_status":"closed","sticky":false,"template":"","format":"standard","meta":{"footnotes":""},"categories":[30,18,7],"tags":[],"class_list":["post-475","post","type-post","status-publish","format-standard","has-post-thumbnail","hentry","category-educacao-ambiental","category-eventos","category-noticias"],"_links":{"self":[{"href":"https:\/\/aiuka.com.br\/noticias\/wp-json\/wp\/v2\/posts\/475","targetHints":{"allow":["GET"]}}],"collection":[{"href":"https:\/\/aiuka.com.br\/noticias\/wp-json\/wp\/v2\/posts"}],"about":[{"href":"https:\/\/aiuka.com.br\/noticias\/wp-json\/wp\/v2\/types\/post"}],"author":[{"embeddable":true,"href":"https:\/\/aiuka.com.br\/noticias\/wp-json\/wp\/v2\/users\/2"}],"replies":[{"embeddable":true,"href":"https:\/\/aiuka.com.br\/noticias\/wp-json\/wp\/v2\/comments?post=475"}],"version-history":[{"count":3,"href":"https:\/\/aiuka.com.br\/noticias\/wp-json\/wp\/v2\/posts\/475\/revisions"}],"predecessor-version":[{"id":1297,"href":"https:\/\/aiuka.com.br\/noticias\/wp-json\/wp\/v2\/posts\/475\/revisions\/1297"}],"wp:featuredmedia":[{"embeddable":true,"href":"https:\/\/aiuka.com.br\/noticias\/wp-json\/wp\/v2\/media\/1293"}],"wp:attachment":[{"href":"https:\/\/aiuka.com.br\/noticias\/wp-json\/wp\/v2\/media?parent=475"}],"wp:term":[{"taxonomy":"category","embeddable":true,"href":"https:\/\/aiuka.com.br\/noticias\/wp-json\/wp\/v2\/categories?post=475"},{"taxonomy":"post_tag","embeddable":true,"href":"https:\/\/aiuka.com.br\/noticias\/wp-json\/wp\/v2\/tags?post=475"}],"curies":[{"name":"wp","href":"https:\/\/api.w.org\/{rel}","templated":true}]}}