{"id":551,"date":"2019-09-19T12:40:14","date_gmt":"2019-09-19T12:40:14","guid":{"rendered":"http:\/\/aiuka.com.br\/noticias\/?p=551"},"modified":"2021-10-21T19:54:10","modified_gmt":"2021-10-21T19:54:10","slug":"participacao-em-evento-do-dia-da-arvore","status":"publish","type":"post","link":"https:\/\/aiuka.com.br\/noticias\/2019\/09\/19\/participacao-em-evento-do-dia-da-arvore\/","title":{"rendered":"Participa\u00e7\u00e3o em evento do Dia da \u00c1rvore"},"content":{"rendered":"<p><a href=\"http:\/\/aiuka.com.br\/noticias\/wp-content\/uploads\/2019\/10\/dia_da_arvore.jpg\"><img loading=\"lazy\" decoding=\"async\" class=\"alignleft size-medium wp-image-552\" src=\"http:\/\/aiuka.com.br\/noticias\/wp-content\/uploads\/2019\/10\/dia_da_arvore-300x225.jpg\" alt=\"dia_da_arvore\" width=\"300\" height=\"225\" srcset=\"https:\/\/aiuka.com.br\/noticias\/wp-content\/uploads\/2019\/10\/dia_da_arvore-300x225.jpg 300w, https:\/\/aiuka.com.br\/noticias\/wp-content\/uploads\/2019\/10\/dia_da_arvore-768x576.jpg 768w, https:\/\/aiuka.com.br\/noticias\/wp-content\/uploads\/2019\/10\/dia_da_arvore.jpg 800w\" sizes=\"auto, (max-width: 300px) 100vw, 300px\" \/><\/a>No dia 19 de setembro, a <strong>Aiuk\u00e1<\/strong> esteve presente no evento realizado pela <strong>Prefeitura Municipal de Praia Grande<\/strong> em comemora\u00e7\u00e3o ao <strong>Dia da \u00c1rvore<\/strong>, quando tamb\u00e9m ocorreu a entrega de pr\u00eamios da <strong>19<\/strong>. Essa iniciativa foi realizada pela <strong>Secretaria de Educa\u00e7\u00e3o<\/strong> nas 77 escolas do munic\u00edpio com o objetivo de sensibilizar a comunidade escolar para a import\u00e2ncia da conserva\u00e7\u00e3o do meio ambiente. Murilo Pratezi representou a <strong>Aiuk\u00e1<\/strong> e conversou com os participantes sobre as atividades da organiza\u00e7\u00e3o, entre outras informa\u00e7\u00f5es.<\/p>\n","protected":false},"excerpt":{"rendered":"<p>No dia 19 de setembro, a Aiuk\u00e1 esteve presente no evento realizado pela Prefeitura Municipal de Praia Grande em comemora\u00e7\u00e3o ao Dia da \u00c1rvore, quando tamb\u00e9m ocorreu a entrega de &#8230;<\/p>\n","protected":false},"author":2,"featured_media":1319,"comment_status":"closed","ping_status":"closed","sticky":false,"template":"","format":"standard","meta":{"footnotes":""},"categories":[30,18,25],"tags":[],"class_list":["post-551","post","type-post","status-publish","format-standard","has-post-thumbnail","hentry","category-educacao-ambiental","category-eventos","category-parceiros"],"_links":{"self":[{"href":"https:\/\/aiuka.com.br\/noticias\/wp-json\/wp\/v2\/posts\/551","targetHints":{"allow":["GET"]}}],"collection":[{"href":"https:\/\/aiuka.com.br\/noticias\/wp-json\/wp\/v2\/posts"}],"about":[{"href":"https:\/\/aiuka.com.br\/noticias\/wp-json\/wp\/v2\/types\/post"}],"author":[{"embeddable":true,"href":"https:\/\/aiuka.com.br\/noticias\/wp-json\/wp\/v2\/users\/2"}],"replies":[{"embeddable":true,"href":"https:\/\/aiuka.com.br\/noticias\/wp-json\/wp\/v2\/comments?post=551"}],"version-history":[{"count":2,"href":"https:\/\/aiuka.com.br\/noticias\/wp-json\/wp\/v2\/posts\/551\/revisions"}],"predecessor-version":[{"id":1092,"href":"https:\/\/aiuka.com.br\/noticias\/wp-json\/wp\/v2\/posts\/551\/revisions\/1092"}],"wp:featuredmedia":[{"embeddable":true,"href":"https:\/\/aiuka.com.br\/noticias\/wp-json\/wp\/v2\/media\/1319"}],"wp:attachment":[{"href":"https:\/\/aiuka.com.br\/noticias\/wp-json\/wp\/v2\/media?parent=551"}],"wp:term":[{"taxonomy":"category","embeddable":true,"href":"https:\/\/aiuka.com.br\/noticias\/wp-json\/wp\/v2\/categories?post=551"},{"taxonomy":"post_tag","embeddable":true,"href":"https:\/\/aiuka.com.br\/noticias\/wp-json\/wp\/v2\/tags?post=551"}],"curies":[{"name":"wp","href":"https:\/\/api.w.org\/{rel}","templated":true}]}}