{"id":590,"date":"2019-12-17T16:40:46","date_gmt":"2019-12-17T16:40:46","guid":{"rendered":"http:\/\/aiuka.com.br\/noticias\/?p=590"},"modified":"2020-02-27T16:44:35","modified_gmt":"2020-02-27T16:44:35","slug":"simposio-da-abdem","status":"publish","type":"post","link":"https:\/\/aiuka.com.br\/noticias\/2019\/12\/17\/simposio-da-abdem\/","title":{"rendered":"Simp\u00f3sio da ABDEM"},"content":{"rendered":"<figure id=\"attachment_591\" aria-describedby=\"caption-attachment-591\" style=\"width: 300px\" class=\"wp-caption alignleft\"><a href=\"http:\/\/aiuka.com.br\/noticias\/wp-content\/uploads\/2020\/02\/Abdem_unisanta_wp.jpg\"><img loading=\"lazy\" decoding=\"async\" class=\"size-medium wp-image-591\" src=\"http:\/\/aiuka.com.br\/noticias\/wp-content\/uploads\/2020\/02\/Abdem_unisanta_wp-300x240.jpg\" alt=\"Foto: Divulga\u00e7\u00e3o \/ Aiuk\u00e1\" width=\"300\" height=\"240\" srcset=\"https:\/\/aiuka.com.br\/noticias\/wp-content\/uploads\/2020\/02\/Abdem_unisanta_wp-300x240.jpg 300w, https:\/\/aiuka.com.br\/noticias\/wp-content\/uploads\/2020\/02\/Abdem_unisanta_wp-768x615.jpg 768w, https:\/\/aiuka.com.br\/noticias\/wp-content\/uploads\/2020\/02\/Abdem_unisanta_wp-1024x820.jpg 1024w, https:\/\/aiuka.com.br\/noticias\/wp-content\/uploads\/2020\/02\/Abdem_unisanta_wp.jpg 1062w\" sizes=\"auto, (max-width: 300px) 100vw, 300px\" \/><\/a><figcaption id=\"caption-attachment-591\" class=\"wp-caption-text\">Foto: Divulga\u00e7\u00e3o \/ Aiuk\u00e1<\/figcaption><\/figure>\n<p>A <strong>Aiuk\u00e1<\/strong> foi ainda convidada como palestrante para o Simp\u00f3sio <strong>\u201cDerramamento de \u00d3leo na Costa Brasileira: Responsabilidades e Reflex\u00f5es, uma Vis\u00e3o Multidisciplinar\u201d<\/strong>, organizado pela <strong>Associa\u00e7\u00e3o Brasileira de Direito de Energia e Meio Ambiente (ABDEM)<\/strong> em dia 16 de dezembro na <strong>Universidade Santa Cec\u00edlia (UNISANTA)<\/strong>, em Santos, com participa\u00e7\u00e3o de diferentes entidades, entre elas a <strong>Capitania dos Portos do Estado de S\u00e3o Paulo<\/strong>, a <strong>CETESB<\/strong> e a <strong>Superintend\u00eancia do Ibama no Estado da Bahia<\/strong>. Alice Mondin fez palestra sobre o tema \u201cSitua\u00e7\u00e3o atual da legisla\u00e7\u00e3o e pr\u00e9-requisitos t\u00e9cnicos e operacionais para uma resposta efetiva para a fauna em eventos de derramamento de \u00f3leo\u201d.<\/p>\n","protected":false},"excerpt":{"rendered":"<p>A Aiuk\u00e1 foi ainda convidada como palestrante para o Simp\u00f3sio \u201cDerramamento de \u00d3leo na Costa Brasileira: Responsabilidades e Reflex\u00f5es, uma Vis\u00e3o Multidisciplinar\u201d, organizado pela Associa\u00e7\u00e3o Brasileira de Direito de Energia &#8230;<\/p>\n","protected":false},"author":2,"featured_media":0,"comment_status":"open","ping_status":"open","sticky":false,"template":"","format":"standard","meta":{"footnotes":""},"categories":[18,4],"tags":[],"class_list":["post-590","post","type-post","status-publish","format-standard","hentry","category-eventos","category-resgate"],"_links":{"self":[{"href":"https:\/\/aiuka.com.br\/noticias\/wp-json\/wp\/v2\/posts\/590","targetHints":{"allow":["GET"]}}],"collection":[{"href":"https:\/\/aiuka.com.br\/noticias\/wp-json\/wp\/v2\/posts"}],"about":[{"href":"https:\/\/aiuka.com.br\/noticias\/wp-json\/wp\/v2\/types\/post"}],"author":[{"embeddable":true,"href":"https:\/\/aiuka.com.br\/noticias\/wp-json\/wp\/v2\/users\/2"}],"replies":[{"embeddable":true,"href":"https:\/\/aiuka.com.br\/noticias\/wp-json\/wp\/v2\/comments?post=590"}],"version-history":[{"count":2,"href":"https:\/\/aiuka.com.br\/noticias\/wp-json\/wp\/v2\/posts\/590\/revisions"}],"predecessor-version":[{"id":593,"href":"https:\/\/aiuka.com.br\/noticias\/wp-json\/wp\/v2\/posts\/590\/revisions\/593"}],"wp:attachment":[{"href":"https:\/\/aiuka.com.br\/noticias\/wp-json\/wp\/v2\/media?parent=590"}],"wp:term":[{"taxonomy":"category","embeddable":true,"href":"https:\/\/aiuka.com.br\/noticias\/wp-json\/wp\/v2\/categories?post=590"},{"taxonomy":"post_tag","embeddable":true,"href":"https:\/\/aiuka.com.br\/noticias\/wp-json\/wp\/v2\/tags?post=590"}],"curies":[{"name":"wp","href":"https:\/\/api.w.org\/{rel}","templated":true}]}}