{"id":620,"date":"2019-11-24T17:28:41","date_gmt":"2019-11-24T17:28:41","guid":{"rendered":"http:\/\/aiuka.com.br\/noticias\/?p=620"},"modified":"2023-04-26T14:36:14","modified_gmt":"2023-04-26T14:36:14","slug":"pacientes-do-mes-nov-2019","status":"publish","type":"post","link":"https:\/\/aiuka.com.br\/noticias\/2019\/11\/24\/pacientes-do-mes-nov-2019\/","title":{"rendered":"Pacientes do novembro\/2019"},"content":{"rendered":"<figure id=\"attachment_621\" aria-describedby=\"caption-attachment-621\" style=\"width: 266px\" class=\"wp-caption alignnone\"><a href=\"http:\/\/aiuka.com.br\/noticias\/wp-content\/uploads\/2020\/02\/Frango-dagua_wp.jpg\"><img loading=\"lazy\" decoding=\"async\" class=\"wp-image-621\" src=\"http:\/\/aiuka.com.br\/noticias\/wp-content\/uploads\/2020\/02\/Frango-dagua_wp-300x240.jpg\" alt=\"Foto: Hudson Lemos \/ Aiuk\u00e1\" width=\"266\" height=\"213\" srcset=\"https:\/\/aiuka.com.br\/noticias\/wp-content\/uploads\/2020\/02\/Frango-dagua_wp-300x240.jpg 300w, https:\/\/aiuka.com.br\/noticias\/wp-content\/uploads\/2020\/02\/Frango-dagua_wp-768x615.jpg 768w, https:\/\/aiuka.com.br\/noticias\/wp-content\/uploads\/2020\/02\/Frango-dagua_wp-1024x820.jpg 1024w, https:\/\/aiuka.com.br\/noticias\/wp-content\/uploads\/2020\/02\/Frango-dagua_wp.jpg 1908w\" sizes=\"auto, (max-width: 266px) 100vw, 266px\" \/><\/a><figcaption id=\"caption-attachment-621\" class=\"wp-caption-text\">&nbsp;Foto: Hudson Lemos \/ Aiuk\u00e1<\/figcaption><\/figure>\n<p>O frango-d&#8217;\u00e1gua-azul (<em>Porphyrio martinicus<\/em>) chegou ao <strong>COP RJ<\/strong> oriundo de um acionamento <strong>PMAVE<\/strong>. A ave foi encontrada no main deck da FPSO Cidade de Caraguatatuba (<strong>Total<\/strong>). Embora n\u00e3o tenha se alimentado bem nos primeiros dias de reabilita\u00e7\u00e3o, ele ingressou em boas condi\u00e7\u00f5es cl\u00ednicas e sem les\u00f5es e passou a se alimentar. Depois de uma semana recebendo cuidados, foi anilhado e liberado no dia 12 em \u00e1rea de conserva\u00e7\u00e3o ambiental.<\/p>\n<p>Entre as solturas efetuadas pela equipe do <strong>COP SP<\/strong>, esteve a de um sabi\u00e1-laranjeira (<em>Turdus rufiventris<\/em>), encaminhado pelo <strong>Grupamento Ambiental da GCM de Praia Grande<\/strong>, que o resgatou de dentro de uma mochila de um homem que havia capturado a ave e o irm\u00e3o do seu ninho. Embora esse \u00faltimo tenha vindo a \u00f3bito, o outro conseguiu resistir e reagiu positivamente \u00e0 reabilita\u00e7\u00e3o. Desenvolveu as penas e, depois de passar pela biometria e ser anilhado, foi solto.<\/p>\n\n\n<hr class=\"wp-block-separator has-css-opacity\"\/>\n\n\n\n<p class=\"has-text-align-center has-text-color has-large-font-size\" style=\"color:#20a9e1\">Responsabilidade Socioambiental<\/p>\n\n\n\n<p>A&nbsp;<strong>Aiuk\u00e1<\/strong>&nbsp;entende que sua miss\u00e3o n\u00e3o se limita aos servi\u00e7os prestados, alcan\u00e7ando tamb\u00e9m a\u00e7\u00f5es que v\u00e3o ao encontro da compreens\u00e3o \u00e9tica da necessidade de prote\u00e7\u00e3o igualit\u00e1ria para todos os seres do planeta.<\/p>\n\n\n\n<p>Dessa forma, recebe e reabilita a&nbsp;<strong>fauna marinha<\/strong>&nbsp;que \u00e9 encontrada, encaminhando aos&nbsp;<strong>Centros Operaciona<\/strong>is&nbsp;da organiza\u00e7\u00e3o no Estado de S\u00e3o Paulo e Rio de Janeiro. Os&nbsp;<strong>COPs Aiuk\u00e1<\/strong>&nbsp;tratam e reabilitam os animais para, depois, devolv\u00ea-los ao seu habitat. Esse trabalho \u00e9 desenvolvido por uma equipe de m\u00e9dicos veterin\u00e1rios altamente qualificada e especializada, que se empenha em oferecer aos animais tratamentos adequados e referendados pela comunidade acad\u00eamica nacional e internacional.<\/p>\n\n\n<div class=\"wp-block-image\">\n<figure class=\"aligncenter size-large is-resized\"><img loading=\"lazy\" decoding=\"async\" src=\"http:\/\/aiuka.com.br\/noticias\/wp-content\/uploads\/2020\/10\/chimp_20_conservacao.png\" alt=\"\" class=\"wp-image-751\" width=\"474\" height=\"104\" srcset=\"https:\/\/aiuka.com.br\/noticias\/wp-content\/uploads\/2020\/10\/chimp_20_conservacao.png 632w, https:\/\/aiuka.com.br\/noticias\/wp-content\/uploads\/2020\/10\/chimp_20_conservacao-300x66.png 300w\" sizes=\"auto, (max-width: 474px) 100vw, 474px\" \/><\/figure>\n<\/div>","protected":false},"excerpt":{"rendered":"<p>O frango-d&#8217;\u00e1gua-azul (Porphyrio martinicus) chegou ao COP RJ oriundo de um acionamento PMAVE. A ave foi encontrada no main deck da FPSO Cidade de Caraguatatuba (Total). Embora n\u00e3o tenha se &#8230;<\/p>\n","protected":false},"author":2,"featured_media":972,"comment_status":"closed","ping_status":"closed","sticky":false,"template":"","format":"standard","meta":{"footnotes":""},"categories":[8,2,17],"tags":[],"class_list":["post-620","post","type-post","status-publish","format-standard","has-post-thumbnail","hentry","category-aves","category-pacientes","category-soltura"],"_links":{"self":[{"href":"https:\/\/aiuka.com.br\/noticias\/wp-json\/wp\/v2\/posts\/620","targetHints":{"allow":["GET"]}}],"collection":[{"href":"https:\/\/aiuka.com.br\/noticias\/wp-json\/wp\/v2\/posts"}],"about":[{"href":"https:\/\/aiuka.com.br\/noticias\/wp-json\/wp\/v2\/types\/post"}],"author":[{"embeddable":true,"href":"https:\/\/aiuka.com.br\/noticias\/wp-json\/wp\/v2\/users\/2"}],"replies":[{"embeddable":true,"href":"https:\/\/aiuka.com.br\/noticias\/wp-json\/wp\/v2\/comments?post=620"}],"version-history":[{"count":5,"href":"https:\/\/aiuka.com.br\/noticias\/wp-json\/wp\/v2\/posts\/620\/revisions"}],"predecessor-version":[{"id":1636,"href":"https:\/\/aiuka.com.br\/noticias\/wp-json\/wp\/v2\/posts\/620\/revisions\/1636"}],"wp:featuredmedia":[{"embeddable":true,"href":"https:\/\/aiuka.com.br\/noticias\/wp-json\/wp\/v2\/media\/972"}],"wp:attachment":[{"href":"https:\/\/aiuka.com.br\/noticias\/wp-json\/wp\/v2\/media?parent=620"}],"wp:term":[{"taxonomy":"category","embeddable":true,"href":"https:\/\/aiuka.com.br\/noticias\/wp-json\/wp\/v2\/categories?post=620"},{"taxonomy":"post_tag","embeddable":true,"href":"https:\/\/aiuka.com.br\/noticias\/wp-json\/wp\/v2\/tags?post=620"}],"curies":[{"name":"wp","href":"https:\/\/api.w.org\/{rel}","templated":true}]}}