{"id":743,"date":"2020-09-20T14:23:28","date_gmt":"2020-09-20T14:23:28","guid":{"rendered":"http:\/\/aiuka.com.br\/noticias\/?p=743"},"modified":"2021-09-05T23:41:25","modified_gmt":"2021-09-05T23:41:25","slug":"responsabilidade-socioambiental-com-o-instituto-mar","status":"publish","type":"post","link":"https:\/\/aiuka.com.br\/noticias\/2020\/09\/20\/responsabilidade-socioambiental-com-o-instituto-mar\/","title":{"rendered":"Responsabilidade socioambiental com o Instituto Mar"},"content":{"rendered":"\n<div class=\"wp-block-image\"><figure class=\"aligncenter is-resized\"><img loading=\"lazy\" decoding=\"async\" src=\"http:\/\/aiuka.com.br\/noticias\/wp-content\/uploads\/2020\/10\/05_foto.jpg\" alt=\"\" class=\"wp-image-744\" width=\"474\" height=\"225\" srcset=\"https:\/\/aiuka.com.br\/noticias\/wp-content\/uploads\/2020\/10\/05_foto.jpg 632w, https:\/\/aiuka.com.br\/noticias\/wp-content\/uploads\/2020\/10\/05_foto-300x142.jpg 300w\" sizes=\"auto, (max-width: 474px) 100vw, 474px\" \/><\/figure><\/div>\n\n\n\n<p> A responsabilidade socioambiental da&nbsp;<strong>Aiuk\u00e1<\/strong>&nbsp;vai al\u00e9m da reabilita\u00e7\u00e3o de animais silvestres encaminhados por entidades parceiras. A institui\u00e7\u00e3o tamb\u00e9m apoia uma organiza\u00e7\u00e3o n\u00e3o-governamental, o&nbsp;<strong>Instituto Mar<\/strong>, a fim de estender suas a\u00e7\u00f5es \u00e0 sensibiliza\u00e7\u00e3o do grande p\u00fablico para a necessidade de prote\u00e7\u00e3o do ecossistema marinho. Entre as atividades realizadas, est\u00e3o aquelas voltadas \u00e0 Educa\u00e7\u00e3o Ambiental e \u00e0 divulga\u00e7\u00e3o em m\u00eddias em favor da conserva\u00e7\u00e3o da vida nos oceanos. Um exemplo \u00e9 a publica\u00e7\u00e3o de artigo a respeito da D\u00e9cada das Na\u00e7\u00f5es Unidas da Ci\u00eancia Oce\u00e2nica para o Desenvolvimento Sustent\u00e1vel, que come\u00e7a no pr\u00f3ximo ano<\/p>\n\n\n\n<p> O artigo, de autoria da bi\u00f3loga Laura Ippolito, est\u00e1 dispon\u00edvel para leitura aqui: <strong><a rel=\"noreferrer noopener\" href=\"http:\/\/bit.ly\/imar-artigo\" target=\"_blank\">bit.ly\/imar-artigo<\/a><\/strong><\/p>\n","protected":false},"excerpt":{"rendered":"<p>A responsabilidade socioambiental da&nbsp;Aiuk\u00e1&nbsp;vai al\u00e9m da reabilita\u00e7\u00e3o de animais silvestres encaminhados por entidades parceiras. A institui\u00e7\u00e3o tamb\u00e9m apoia uma organiza\u00e7\u00e3o n\u00e3o-governamental, o&nbsp;Instituto Mar, a fim de estender suas a\u00e7\u00f5es \u00e0 &#8230;<\/p>\n","protected":false},"author":1,"featured_media":1081,"comment_status":"closed","ping_status":"closed","sticky":false,"template":"","format":"standard","meta":{"footnotes":""},"categories":[30,25,3],"tags":[],"class_list":["post-743","post","type-post","status-publish","format-standard","has-post-thumbnail","hentry","category-educacao-ambiental","category-parceiros","category-responsabilidade-socioambiental"],"_links":{"self":[{"href":"https:\/\/aiuka.com.br\/noticias\/wp-json\/wp\/v2\/posts\/743","targetHints":{"allow":["GET"]}}],"collection":[{"href":"https:\/\/aiuka.com.br\/noticias\/wp-json\/wp\/v2\/posts"}],"about":[{"href":"https:\/\/aiuka.com.br\/noticias\/wp-json\/wp\/v2\/types\/post"}],"author":[{"embeddable":true,"href":"https:\/\/aiuka.com.br\/noticias\/wp-json\/wp\/v2\/users\/1"}],"replies":[{"embeddable":true,"href":"https:\/\/aiuka.com.br\/noticias\/wp-json\/wp\/v2\/comments?post=743"}],"version-history":[{"count":2,"href":"https:\/\/aiuka.com.br\/noticias\/wp-json\/wp\/v2\/posts\/743\/revisions"}],"predecessor-version":[{"id":1082,"href":"https:\/\/aiuka.com.br\/noticias\/wp-json\/wp\/v2\/posts\/743\/revisions\/1082"}],"wp:featuredmedia":[{"embeddable":true,"href":"https:\/\/aiuka.com.br\/noticias\/wp-json\/wp\/v2\/media\/1081"}],"wp:attachment":[{"href":"https:\/\/aiuka.com.br\/noticias\/wp-json\/wp\/v2\/media?parent=743"}],"wp:term":[{"taxonomy":"category","embeddable":true,"href":"https:\/\/aiuka.com.br\/noticias\/wp-json\/wp\/v2\/categories?post=743"},{"taxonomy":"post_tag","embeddable":true,"href":"https:\/\/aiuka.com.br\/noticias\/wp-json\/wp\/v2\/tags?post=743"}],"curies":[{"name":"wp","href":"https:\/\/api.w.org\/{rel}","templated":true}]}}